{"id":3643,"date":"2026-03-30T15:07:24","date_gmt":"2026-03-30T13:07:24","guid":{"rendered":"https:\/\/www.chorale-la-gloriette.com\/?p=3643"},"modified":"2026-03-30T15:07:24","modified_gmt":"2026-03-30T13:07:24","slug":"concert-a-lieuran-les-beziers","status":"publish","type":"post","link":"https:\/\/www.chorale-la-gloriette.com\/?p=3643","title":{"rendered":"Concert \u00e0 Lieuran-les-B\u00e9ziers"},"content":{"rendered":"\n<p>Hier dimanche 29 mars les chorales \u00ab\u00a0La cl\u00e9 des chants\u00a0\u00bb et \u00ab\u00a0La Gloriette\u00a0\u00bb \u00e9taient r\u00e9unies dans la salle des f\u00eates de Lieuran-les-B\u00e9ziers pour un concert donn\u00e9 au profit de  l&rsquo;association Retina et de la recherche m\u00e9dicale en Ophtalmologie afin de permettre aux mal-voyants d&rsquo;esp\u00e9rer un jour retrouver une vue normale. Les chants ont r\u00e9sonn\u00e9 dans la bonne humeur et furent suivis d&rsquo;un repas joyeux et festif.  <\/p>\n\n\n\n<figure class=\"wp-block-image size-large\"><img loading=\"lazy\" decoding=\"async\" width=\"1024\" height=\"683\" src=\"https:\/\/www.chorale-la-gloriette.com\/wp-content\/uploads\/2026\/03\/DSC_8910-1024x683.jpg\" alt=\"\" class=\"wp-image-3637\" srcset=\"https:\/\/www.chorale-la-gloriette.com\/wp-content\/uploads\/2026\/03\/DSC_8910-1024x683.jpg 1024w, https:\/\/www.chorale-la-gloriette.com\/wp-content\/uploads\/2026\/03\/DSC_8910-300x200.jpg 300w, https:\/\/www.chorale-la-gloriette.com\/wp-content\/uploads\/2026\/03\/DSC_8910-768x512.jpg 768w, https:\/\/www.chorale-la-gloriette.com\/wp-content\/uploads\/2026\/03\/DSC_8910-1536x1024.jpg 1536w, https:\/\/www.chorale-la-gloriette.com\/wp-content\/uploads\/2026\/03\/DSC_8910-2048x1365.jpg 2048w\" sizes=\"auto, (max-width: 1024px) 100vw, 1024px\" \/><\/figure>\n\n\n\n<figure class=\"wp-block-image size-large\"><img loading=\"lazy\" decoding=\"async\" width=\"1024\" height=\"683\" src=\"https:\/\/www.chorale-la-gloriette.com\/wp-content\/uploads\/2026\/03\/DSC_8956-1024x683.jpg\" alt=\"\" class=\"wp-image-3639\" srcset=\"https:\/\/www.chorale-la-gloriette.com\/wp-content\/uploads\/2026\/03\/DSC_8956-1024x683.jpg 1024w, https:\/\/www.chorale-la-gloriette.com\/wp-content\/uploads\/2026\/03\/DSC_8956-300x200.jpg 300w, https:\/\/www.chorale-la-gloriette.com\/wp-content\/uploads\/2026\/03\/DSC_8956-768x512.jpg 768w, https:\/\/www.chorale-la-gloriette.com\/wp-content\/uploads\/2026\/03\/DSC_8956-1536x1024.jpg 1536w, https:\/\/www.chorale-la-gloriette.com\/wp-content\/uploads\/2026\/03\/DSC_8956-2048x1365.jpg 2048w\" sizes=\"auto, (max-width: 1024px) 100vw, 1024px\" \/><\/figure>\n\n\n\n<figure class=\"wp-block-image size-large\"><img loading=\"lazy\" decoding=\"async\" width=\"1024\" height=\"683\" src=\"https:\/\/www.chorale-la-gloriette.com\/wp-content\/uploads\/2026\/03\/DSC_8964-1024x683.jpg\" alt=\"\" class=\"wp-image-3640\" srcset=\"https:\/\/www.chorale-la-gloriette.com\/wp-content\/uploads\/2026\/03\/DSC_8964-1024x683.jpg 1024w, https:\/\/www.chorale-la-gloriette.com\/wp-content\/uploads\/2026\/03\/DSC_8964-300x200.jpg 300w, https:\/\/www.chorale-la-gloriette.com\/wp-content\/uploads\/2026\/03\/DSC_8964-768x512.jpg 768w, https:\/\/www.chorale-la-gloriette.com\/wp-content\/uploads\/2026\/03\/DSC_8964-1536x1024.jpg 1536w, https:\/\/www.chorale-la-gloriette.com\/wp-content\/uploads\/2026\/03\/DSC_8964-2048x1365.jpg 2048w\" sizes=\"auto, (max-width: 1024px) 100vw, 1024px\" \/><\/figure>\n\n\n\n<figure class=\"wp-block-image size-large\"><img loading=\"lazy\" decoding=\"async\" width=\"1024\" height=\"683\" src=\"https:\/\/www.chorale-la-gloriette.com\/wp-content\/uploads\/2026\/03\/DSC_8966-1024x683.jpg\" alt=\"\" class=\"wp-image-3641\" srcset=\"https:\/\/www.chorale-la-gloriette.com\/wp-content\/uploads\/2026\/03\/DSC_8966-1024x683.jpg 1024w, https:\/\/www.chorale-la-gloriette.com\/wp-content\/uploads\/2026\/03\/DSC_8966-300x200.jpg 300w, https:\/\/www.chorale-la-gloriette.com\/wp-content\/uploads\/2026\/03\/DSC_8966-768x512.jpg 768w, https:\/\/www.chorale-la-gloriette.com\/wp-content\/uploads\/2026\/03\/DSC_8966-1536x1024.jpg 1536w, https:\/\/www.chorale-la-gloriette.com\/wp-content\/uploads\/2026\/03\/DSC_8966-2048x1365.jpg 2048w\" sizes=\"auto, (max-width: 1024px) 100vw, 1024px\" \/><\/figure>\n\n\n\n<p><\/p>\n","protected":false},"excerpt":{"rendered":"<p>Hier dimanche 29 mars les chorales \u00ab\u00a0La cl\u00e9 des chants\u00a0\u00bb et \u00ab\u00a0La Gloriette\u00a0\u00bb \u00e9taient r\u00e9unies dans la salle des f\u00eates de Lieuran-les-B\u00e9ziers pour un concert donn\u00e9 au profit de l&rsquo;association Retina et de la recherche m\u00e9dicale en Ophtalmologie afin de permettre aux mal-voyants d&rsquo;esp\u00e9rer un jour retrouver une vue normale. Les chants ont r\u00e9sonn\u00e9 dans &hellip; <a href=\"https:\/\/www.chorale-la-gloriette.com\/?p=3643\" class=\"more-link\">Continuer la lecture de <span class=\"screen-reader-text\">Concert \u00e0 Lieuran-les-B\u00e9ziers<\/span><\/a><\/p>\n","protected":false},"author":1,"featured_media":0,"comment_status":"closed","ping_status":"closed","sticky":false,"template":"","format":"standard","meta":{"footnotes":""},"categories":[1],"tags":[],"class_list":["post-3643","post","type-post","status-publish","format-standard","hentry","category-non-classe"],"_links":{"self":[{"href":"https:\/\/www.chorale-la-gloriette.com\/index.php?rest_route=\/wp\/v2\/posts\/3643","targetHints":{"allow":["GET"]}}],"collection":[{"href":"https:\/\/www.chorale-la-gloriette.com\/index.php?rest_route=\/wp\/v2\/posts"}],"about":[{"href":"https:\/\/www.chorale-la-gloriette.com\/index.php?rest_route=\/wp\/v2\/types\/post"}],"author":[{"embeddable":true,"href":"https:\/\/www.chorale-la-gloriette.com\/index.php?rest_route=\/wp\/v2\/users\/1"}],"replies":[{"embeddable":true,"href":"https:\/\/www.chorale-la-gloriette.com\/index.php?rest_route=%2Fwp%2Fv2%2Fcomments&post=3643"}],"version-history":[{"count":1,"href":"https:\/\/www.chorale-la-gloriette.com\/index.php?rest_route=\/wp\/v2\/posts\/3643\/revisions"}],"predecessor-version":[{"id":3644,"href":"https:\/\/www.chorale-la-gloriette.com\/index.php?rest_route=\/wp\/v2\/posts\/3643\/revisions\/3644"}],"wp:attachment":[{"href":"https:\/\/www.chorale-la-gloriette.com\/index.php?rest_route=%2Fwp%2Fv2%2Fmedia&parent=3643"}],"wp:term":[{"taxonomy":"category","embeddable":true,"href":"https:\/\/www.chorale-la-gloriette.com\/index.php?rest_route=%2Fwp%2Fv2%2Fcategories&post=3643"},{"taxonomy":"post_tag","embeddable":true,"href":"https:\/\/www.chorale-la-gloriette.com\/index.php?rest_route=%2Fwp%2Fv2%2Ftags&post=3643"}],"curies":[{"name":"wp","href":"https:\/\/api.w.org\/{rel}","templated":true}]}}